{"id":5103,"date":"2024-12-10T16:14:21","date_gmt":"2024-12-10T15:14:21","guid":{"rendered":"https:\/\/www.franckdeville.fr\/?p=5103"},"modified":"2024-12-13T16:19:29","modified_gmt":"2024-12-13T15:19:29","slug":"franck-deville-macaroons-colaborador-oficial-de-la-celebracion-de-los-120-anos-de-rolls-royce-por-parte-del-rrec","status":"publish","type":"post","link":"https:\/\/www.franckdeville.fr\/es\/2024\/12\/10\/franck-deville-macaroons-colaborador-oficial-de-la-celebracion-de-los-120-anos-de-rolls-royce-por-parte-del-rrec\/","title":{"rendered":"Les Macarons Franck Deville colaboradores oficiales de la celebraci\u00f3n de los 120 a\u00f1os de Rolls-Royce por RREC"},"content":{"rendered":"<p>Le <a href=\"https:\/\/rrec.org.uk\/\">Club Internacional de Entusiastas de Rolls-Royce y Bentley (RREC) <\/a>uno de los clubes automovil\u00edsticos m\u00e1s antiguos y prestigiosos del mundo, ha elegido por segundo a\u00f1o consecutivo a Macarons Franck Deville para participar en un proyecto que combina el lujo sostenible con algunas de las marcas m\u00e1s prestigiosas del mundo.<\/p>\n\n\n\n<p>Para conmemorar la ocasi\u00f3n, el International Rolls-Royce and Bentley Enthusiasts Club ha publicado un libro de gran formato.<\/p>\n\n\n\n<p>El a\u00f1o 2024 marca el 120 aniversario de la creaci\u00f3n del fabricante brit\u00e1nico de autom\u00f3viles de lujo. Para conmemorar este aniversario, uno de los clubes automovil\u00edsticos m\u00e1s antiguos y famosos del mundo, el International Rolls-Royce and Bentley Enthusiasts Club, ha escrito un libro en colaboraci\u00f3n con St. Jame's House, en el que se relatan la historia y los \u00e9xitos del fabricante de autom\u00f3viles, junto con la presentaci\u00f3n de su primer modelo el\u00e9ctrico, el \"Rolls-Royce Spectre\". Celebrando el pasado, el presente y el futuro del \"mejor coche del mundo\", el contenido del libro abarca desde raros documentos de archivo hasta las \u00faltimas innovaciones automovil\u00edsticas. Pero eso no es todo. Tambi\u00e9n incluye una gu\u00eda de estilo de vida de lujo con productos y servicios excepcionales. Entre ellos, los macarrones Deville. Es un posicionamiento del que estamos muy orgullosos.   Dos p\u00e1ginas enteras est\u00e1n dedicadas a los macarrones Deville, que se describen como \"obras maestras gastron\u00f3micas\". Se alaba la \"pasi\u00f3n francesa\" de Franck Deville, as\u00ed como la calidad de sus macarons.<\/p>\n\n\n\n<p><\/p>","protected":false},"excerpt":{"rendered":"<p>Le Club international des passionn\u00e9s de Rolls-Royce et de Bentley (RREC) , l&rsquo;un des clubs automobiles les plus anciens et les plus prestigieux, a choisi les Macarons Franck Deville pour la deuxi\u00e8me ann\u00e9e cons\u00e9cutive afin de participer \u00e0 un projet qui associe le luxe durable \u00e0 certaines des marques les plus prestigieuses du monde. \u00c0 l&rsquo;occasion de cette comm\u00e9moration un livre grand format a \u00e9t\u00e9 publi\u00e9 par l&rsquo;International Rolls-Royce and Bentley Enthusiasts Club. L&rsquo;ann\u00e9e 2024 marque le 120e anniversaire de la cr\u00e9ation du constructeur britannique [&hellip;]<\/p>\n","protected":false},"author":1,"featured_media":5104,"comment_status":"closed","ping_status":"open","sticky":false,"template":"","format":"standard","meta":{"footnotes":""},"categories":[126],"tags":[],"class_list":["post-5103","post","type-post","status-publish","format-standard","has-post-thumbnail","hentry","category-evenements3"],"yoast_head":"<!-- This site is optimized with the Yoast SEO plugin v27.4 - https:\/\/yoast.com\/product\/yoast-seo-wordpress\/ -->\n<title>Les Macarons Franck Deville partenaires officiels de la c\u00e9l\u00e9bration des 120 ans de Rolls-Royce par le RREC - Franck Deville - Macarons fran\u00e7ais d&#039;excellence<\/title>\n<meta name=\"description\" content=\"Le Club international des passionn\u00e9s de Rolls-Royce et de Bentley (RREC), l\u2019un des clubs automobiles les plus anciens et les plus prestigieux\u2026\" \/>\n<meta name=\"robots\" content=\"index, follow, max-snippet:-1, max-image-preview:large, max-video-preview:-1\" \/>\n<link rel=\"canonical\" href=\"http:\/\/www.franckdeville.fr\/es\/2024\/12\/10\/franck-deville-macaroons-colaborador-oficial-de-la-celebracion-de-los-120-anos-de-rolls-royce-por-parte-del-rrec\/\" \/>\n<meta property=\"og:locale\" content=\"es_ES\" \/>\n<meta property=\"og:type\" content=\"article\" \/>\n<meta property=\"og:title\" content=\"Les Macarons Franck Deville partenaires officiels de la c\u00e9l\u00e9bration des 120 ans de Rolls-Royce par le RREC - Franck Deville - Macarons fran\u00e7ais d&#039;excellence\" \/>\n<meta property=\"og:description\" content=\"Le Club international des passionn\u00e9s de Rolls-Royce et de Bentley (RREC), l\u2019un des clubs automobiles les plus anciens et les plus prestigieux\u2026\" \/>\n<meta property=\"og:url\" content=\"http:\/\/www.franckdeville.fr\/es\/2024\/12\/10\/franck-deville-macaroons-colaborador-oficial-de-la-celebracion-de-los-120-anos-de-rolls-royce-por-parte-del-rrec\/\" \/>\n<meta property=\"og:site_name\" content=\"Franck Deville - Macarons fran\u00e7ais d&#039;excellence\" \/>\n<meta property=\"article:publisher\" content=\"https:\/\/www.facebook.com\/FranckDevillemacarons\" \/>\n<meta property=\"article:published_time\" content=\"2024-12-10T15:14:21+00:00\" \/>\n<meta property=\"article:modified_time\" content=\"2024-12-13T15:19:29+00:00\" \/>\n<meta property=\"og:image\" content=\"https:\/\/www.franckdeville.fr\/wp-content\/uploads\/2024\/12\/french-passion-macaron.jpg\" \/>\n\t<meta property=\"og:image:width\" content=\"2000\" \/>\n\t<meta property=\"og:image:height\" content=\"1408\" \/>\n\t<meta property=\"og:image:type\" content=\"image\/jpeg\" \/>\n<meta name=\"author\" content=\"expertiseweb\" \/>\n<meta name=\"twitter:card\" content=\"summary_large_image\" \/>\n<meta name=\"twitter:label1\" content=\"Escrito por\" \/>\n\t<meta name=\"twitter:data1\" content=\"expertiseweb\" \/>\n\t<meta name=\"twitter:label2\" content=\"Tiempo de lectura\" \/>\n\t<meta name=\"twitter:data2\" content=\"1 minuto\" \/>\n<script type=\"application\/ld+json\" class=\"yoast-schema-graph\">{\"@context\":\"https:\\\/\\\/schema.org\",\"@graph\":[{\"@type\":\"Article\",\"@id\":\"http:\\\/\\\/www.franckdeville.fr\\\/fr\\\/2024\\\/12\\\/10\\\/les-macarons-franck-deville-partenaires-officiels-de-la-celebration-des-120-ans-de-rolls-royce-par-le-rrec\\\/#article\",\"isPartOf\":{\"@id\":\"http:\\\/\\\/www.franckdeville.fr\\\/fr\\\/2024\\\/12\\\/10\\\/les-macarons-franck-deville-partenaires-officiels-de-la-celebration-des-120-ans-de-rolls-royce-par-le-rrec\\\/\"},\"author\":{\"name\":\"expertiseweb\",\"@id\":\"https:\\\/\\\/www.franckdeville.fr\\\/fr\\\/#\\\/schema\\\/person\\\/b594f9842fc073c5600ebbb2f29badfa\"},\"headline\":\"Les Macarons Franck Deville partenaires officiels de la c\u00e9l\u00e9bration des 120 ans de Rolls-Royce par le RREC\",\"datePublished\":\"2024-12-10T15:14:21+00:00\",\"dateModified\":\"2024-12-13T15:19:29+00:00\",\"mainEntityOfPage\":{\"@id\":\"http:\\\/\\\/www.franckdeville.fr\\\/fr\\\/2024\\\/12\\\/10\\\/les-macarons-franck-deville-partenaires-officiels-de-la-celebration-des-120-ans-de-rolls-royce-par-le-rrec\\\/\"},\"wordCount\":284,\"publisher\":{\"@id\":\"https:\\\/\\\/www.franckdeville.fr\\\/fr\\\/#organization\"},\"image\":{\"@id\":\"http:\\\/\\\/www.franckdeville.fr\\\/fr\\\/2024\\\/12\\\/10\\\/les-macarons-franck-deville-partenaires-officiels-de-la-celebration-des-120-ans-de-rolls-royce-par-le-rrec\\\/#primaryimage\"},\"thumbnailUrl\":\"https:\\\/\\\/www.franckdeville.fr\\\/wp-content\\\/uploads\\\/2024\\\/12\\\/french-passion-macaron.jpg\",\"articleSection\":[\"Ev\u00e8nements\"],\"inLanguage\":\"es\"},{\"@type\":\"WebPage\",\"@id\":\"http:\\\/\\\/www.franckdeville.fr\\\/fr\\\/2024\\\/12\\\/10\\\/les-macarons-franck-deville-partenaires-officiels-de-la-celebration-des-120-ans-de-rolls-royce-par-le-rrec\\\/\",\"url\":\"http:\\\/\\\/www.franckdeville.fr\\\/fr\\\/2024\\\/12\\\/10\\\/les-macarons-franck-deville-partenaires-officiels-de-la-celebration-des-120-ans-de-rolls-royce-par-le-rrec\\\/\",\"name\":\"Les Macarons Franck Deville partenaires officiels de la c\u00e9l\u00e9bration des 120 ans de Rolls-Royce par le RREC - Franck Deville - Macarons fran\u00e7ais d&#039;excellence\",\"isPartOf\":{\"@id\":\"https:\\\/\\\/www.franckdeville.fr\\\/fr\\\/#website\"},\"primaryImageOfPage\":{\"@id\":\"http:\\\/\\\/www.franckdeville.fr\\\/fr\\\/2024\\\/12\\\/10\\\/les-macarons-franck-deville-partenaires-officiels-de-la-celebration-des-120-ans-de-rolls-royce-par-le-rrec\\\/#primaryimage\"},\"image\":{\"@id\":\"http:\\\/\\\/www.franckdeville.fr\\\/fr\\\/2024\\\/12\\\/10\\\/les-macarons-franck-deville-partenaires-officiels-de-la-celebration-des-120-ans-de-rolls-royce-par-le-rrec\\\/#primaryimage\"},\"thumbnailUrl\":\"https:\\\/\\\/www.franckdeville.fr\\\/wp-content\\\/uploads\\\/2024\\\/12\\\/french-passion-macaron.jpg\",\"datePublished\":\"2024-12-10T15:14:21+00:00\",\"dateModified\":\"2024-12-13T15:19:29+00:00\",\"description\":\"Le Club international des passionn\u00e9s de Rolls-Royce et de Bentley (RREC), l\u2019un des clubs automobiles les plus anciens et les plus prestigieux\u2026\",\"breadcrumb\":{\"@id\":\"http:\\\/\\\/www.franckdeville.fr\\\/fr\\\/2024\\\/12\\\/10\\\/les-macarons-franck-deville-partenaires-officiels-de-la-celebration-des-120-ans-de-rolls-royce-par-le-rrec\\\/#breadcrumb\"},\"inLanguage\":\"es\",\"potentialAction\":[{\"@type\":\"ReadAction\",\"target\":[\"http:\\\/\\\/www.franckdeville.fr\\\/fr\\\/2024\\\/12\\\/10\\\/les-macarons-franck-deville-partenaires-officiels-de-la-celebration-des-120-ans-de-rolls-royce-par-le-rrec\\\/\"]}]},{\"@type\":\"ImageObject\",\"inLanguage\":\"es\",\"@id\":\"http:\\\/\\\/www.franckdeville.fr\\\/fr\\\/2024\\\/12\\\/10\\\/les-macarons-franck-deville-partenaires-officiels-de-la-celebration-des-120-ans-de-rolls-royce-par-le-rrec\\\/#primaryimage\",\"url\":\"https:\\\/\\\/www.franckdeville.fr\\\/wp-content\\\/uploads\\\/2024\\\/12\\\/french-passion-macaron.jpg\",\"contentUrl\":\"https:\\\/\\\/www.franckdeville.fr\\\/wp-content\\\/uploads\\\/2024\\\/12\\\/french-passion-macaron.jpg\",\"width\":2000,\"height\":1408,\"caption\":\"French passion macaron\"},{\"@type\":\"BreadcrumbList\",\"@id\":\"http:\\\/\\\/www.franckdeville.fr\\\/fr\\\/2024\\\/12\\\/10\\\/les-macarons-franck-deville-partenaires-officiels-de-la-celebration-des-120-ans-de-rolls-royce-par-le-rrec\\\/#breadcrumb\",\"itemListElement\":[{\"@type\":\"ListItem\",\"position\":1,\"name\":\"Accueil\",\"item\":\"http:\\\/\\\/www.franckdeville.fr\\\/fr\\\/\"},{\"@type\":\"ListItem\",\"position\":2,\"name\":\"Les Macarons Franck Deville partenaires officiels de la c\u00e9l\u00e9bration des 120 ans de Rolls-Royce par le RREC\"}]},{\"@type\":\"WebSite\",\"@id\":\"https:\\\/\\\/www.franckdeville.fr\\\/fr\\\/#website\",\"url\":\"https:\\\/\\\/www.franckdeville.fr\\\/fr\\\/\",\"name\":\"Franck Deville\",\"description\":\"L&#039;Artisan Macaronier des Chefs\",\"publisher\":{\"@id\":\"https:\\\/\\\/www.franckdeville.fr\\\/fr\\\/#organization\"},\"potentialAction\":[{\"@type\":\"SearchAction\",\"target\":{\"@type\":\"EntryPoint\",\"urlTemplate\":\"https:\\\/\\\/www.franckdeville.fr\\\/fr\\\/?s={search_term_string}\"},\"query-input\":{\"@type\":\"PropertyValueSpecification\",\"valueRequired\":true,\"valueName\":\"search_term_string\"}}],\"inLanguage\":\"es\"},{\"@type\":\"Organization\",\"@id\":\"https:\\\/\\\/www.franckdeville.fr\\\/fr\\\/#organization\",\"name\":\"Franck Deville\",\"url\":\"https:\\\/\\\/www.franckdeville.fr\\\/fr\\\/\",\"logo\":{\"@type\":\"ImageObject\",\"inLanguage\":\"es\",\"@id\":\"https:\\\/\\\/www.franckdeville.fr\\\/fr\\\/#\\\/schema\\\/logo\\\/image\\\/\",\"url\":\"https:\\\/\\\/www.franckdeville.fr\\\/wp-content\\\/uploads\\\/2024\\\/09\\\/logo_franckdeville_small2.png\",\"contentUrl\":\"https:\\\/\\\/www.franckdeville.fr\\\/wp-content\\\/uploads\\\/2024\\\/09\\\/logo_franckdeville_small2.png\",\"width\":600,\"height\":193,\"caption\":\"Franck Deville\"},\"image\":{\"@id\":\"https:\\\/\\\/www.franckdeville.fr\\\/fr\\\/#\\\/schema\\\/logo\\\/image\\\/\"},\"sameAs\":[\"https:\\\/\\\/www.facebook.com\\\/FranckDevillemacarons\"]},{\"@type\":\"Person\",\"@id\":\"https:\\\/\\\/www.franckdeville.fr\\\/fr\\\/#\\\/schema\\\/person\\\/b594f9842fc073c5600ebbb2f29badfa\",\"name\":\"expertiseweb\",\"image\":{\"@type\":\"ImageObject\",\"inLanguage\":\"es\",\"@id\":\"https:\\\/\\\/secure.gravatar.com\\\/avatar\\\/58228ef1a3f803bc2ba56707f868325f9f0eab5b33f979edde6081f62aa1c02a?s=96&d=mm&r=g\",\"url\":\"https:\\\/\\\/secure.gravatar.com\\\/avatar\\\/58228ef1a3f803bc2ba56707f868325f9f0eab5b33f979edde6081f62aa1c02a?s=96&d=mm&r=g\",\"contentUrl\":\"https:\\\/\\\/secure.gravatar.com\\\/avatar\\\/58228ef1a3f803bc2ba56707f868325f9f0eab5b33f979edde6081f62aa1c02a?s=96&d=mm&r=g\",\"caption\":\"expertiseweb\"},\"sameAs\":[\"https:\\\/\\\/www.franckdeville.fr\"],\"url\":\"https:\\\/\\\/www.franckdeville.fr\\\/es\\\/author\\\/expertiseweb\\\/\"}]}<\/script>\n<!-- \/ Yoast SEO plugin. -->","yoast_head_json":{"title":"Les Macarons Franck Deville partenaires officiels de la c\u00e9l\u00e9bration des 120 ans de Rolls-Royce par le RREC - Franck Deville - Macarons fran\u00e7ais d&#039;excellence","description":"Le Club international des passionn\u00e9s de Rolls-Royce et de Bentley (RREC), l\u2019un des clubs automobiles les plus anciens et les plus prestigieux\u2026","robots":{"index":"index","follow":"follow","max-snippet":"max-snippet:-1","max-image-preview":"max-image-preview:large","max-video-preview":"max-video-preview:-1"},"canonical":"http:\/\/www.franckdeville.fr\/es\/2024\/12\/10\/franck-deville-macaroons-colaborador-oficial-de-la-celebracion-de-los-120-anos-de-rolls-royce-por-parte-del-rrec\/","og_locale":"es_ES","og_type":"article","og_title":"Les Macarons Franck Deville partenaires officiels de la c\u00e9l\u00e9bration des 120 ans de Rolls-Royce par le RREC - Franck Deville - Macarons fran\u00e7ais d&#039;excellence","og_description":"Le Club international des passionn\u00e9s de Rolls-Royce et de Bentley (RREC), l\u2019un des clubs automobiles les plus anciens et les plus prestigieux\u2026","og_url":"http:\/\/www.franckdeville.fr\/es\/2024\/12\/10\/franck-deville-macaroons-colaborador-oficial-de-la-celebracion-de-los-120-anos-de-rolls-royce-por-parte-del-rrec\/","og_site_name":"Franck Deville - Macarons fran\u00e7ais d&#039;excellence","article_publisher":"https:\/\/www.facebook.com\/FranckDevillemacarons","article_published_time":"2024-12-10T15:14:21+00:00","article_modified_time":"2024-12-13T15:19:29+00:00","og_image":[{"width":2000,"height":1408,"url":"https:\/\/www.franckdeville.fr\/wp-content\/uploads\/2024\/12\/french-passion-macaron.jpg","type":"image\/jpeg"}],"author":"expertiseweb","twitter_card":"summary_large_image","twitter_misc":{"Escrito por":"expertiseweb","Tiempo de lectura":"1 minuto"},"schema":{"@context":"https:\/\/schema.org","@graph":[{"@type":"Article","@id":"http:\/\/www.franckdeville.fr\/fr\/2024\/12\/10\/les-macarons-franck-deville-partenaires-officiels-de-la-celebration-des-120-ans-de-rolls-royce-par-le-rrec\/#article","isPartOf":{"@id":"http:\/\/www.franckdeville.fr\/fr\/2024\/12\/10\/les-macarons-franck-deville-partenaires-officiels-de-la-celebration-des-120-ans-de-rolls-royce-par-le-rrec\/"},"author":{"name":"expertiseweb","@id":"https:\/\/www.franckdeville.fr\/fr\/#\/schema\/person\/b594f9842fc073c5600ebbb2f29badfa"},"headline":"Les Macarons Franck Deville partenaires officiels de la c\u00e9l\u00e9bration des 120 ans de Rolls-Royce par le RREC","datePublished":"2024-12-10T15:14:21+00:00","dateModified":"2024-12-13T15:19:29+00:00","mainEntityOfPage":{"@id":"http:\/\/www.franckdeville.fr\/fr\/2024\/12\/10\/les-macarons-franck-deville-partenaires-officiels-de-la-celebration-des-120-ans-de-rolls-royce-par-le-rrec\/"},"wordCount":284,"publisher":{"@id":"https:\/\/www.franckdeville.fr\/fr\/#organization"},"image":{"@id":"http:\/\/www.franckdeville.fr\/fr\/2024\/12\/10\/les-macarons-franck-deville-partenaires-officiels-de-la-celebration-des-120-ans-de-rolls-royce-par-le-rrec\/#primaryimage"},"thumbnailUrl":"https:\/\/www.franckdeville.fr\/wp-content\/uploads\/2024\/12\/french-passion-macaron.jpg","articleSection":["Ev\u00e8nements"],"inLanguage":"es"},{"@type":"WebPage","@id":"http:\/\/www.franckdeville.fr\/fr\/2024\/12\/10\/les-macarons-franck-deville-partenaires-officiels-de-la-celebration-des-120-ans-de-rolls-royce-par-le-rrec\/","url":"http:\/\/www.franckdeville.fr\/fr\/2024\/12\/10\/les-macarons-franck-deville-partenaires-officiels-de-la-celebration-des-120-ans-de-rolls-royce-par-le-rrec\/","name":"Les Macarons Franck Deville partenaires officiels de la c\u00e9l\u00e9bration des 120 ans de Rolls-Royce par le RREC - Franck Deville - Macarons fran\u00e7ais d&#039;excellence","isPartOf":{"@id":"https:\/\/www.franckdeville.fr\/fr\/#website"},"primaryImageOfPage":{"@id":"http:\/\/www.franckdeville.fr\/fr\/2024\/12\/10\/les-macarons-franck-deville-partenaires-officiels-de-la-celebration-des-120-ans-de-rolls-royce-par-le-rrec\/#primaryimage"},"image":{"@id":"http:\/\/www.franckdeville.fr\/fr\/2024\/12\/10\/les-macarons-franck-deville-partenaires-officiels-de-la-celebration-des-120-ans-de-rolls-royce-par-le-rrec\/#primaryimage"},"thumbnailUrl":"https:\/\/www.franckdeville.fr\/wp-content\/uploads\/2024\/12\/french-passion-macaron.jpg","datePublished":"2024-12-10T15:14:21+00:00","dateModified":"2024-12-13T15:19:29+00:00","description":"Le Club international des passionn\u00e9s de Rolls-Royce et de Bentley (RREC), l\u2019un des clubs automobiles les plus anciens et les plus prestigieux\u2026","breadcrumb":{"@id":"http:\/\/www.franckdeville.fr\/fr\/2024\/12\/10\/les-macarons-franck-deville-partenaires-officiels-de-la-celebration-des-120-ans-de-rolls-royce-par-le-rrec\/#breadcrumb"},"inLanguage":"es","potentialAction":[{"@type":"ReadAction","target":["http:\/\/www.franckdeville.fr\/fr\/2024\/12\/10\/les-macarons-franck-deville-partenaires-officiels-de-la-celebration-des-120-ans-de-rolls-royce-par-le-rrec\/"]}]},{"@type":"ImageObject","inLanguage":"es","@id":"http:\/\/www.franckdeville.fr\/fr\/2024\/12\/10\/les-macarons-franck-deville-partenaires-officiels-de-la-celebration-des-120-ans-de-rolls-royce-par-le-rrec\/#primaryimage","url":"https:\/\/www.franckdeville.fr\/wp-content\/uploads\/2024\/12\/french-passion-macaron.jpg","contentUrl":"https:\/\/www.franckdeville.fr\/wp-content\/uploads\/2024\/12\/french-passion-macaron.jpg","width":2000,"height":1408,"caption":"French passion macaron"},{"@type":"BreadcrumbList","@id":"http:\/\/www.franckdeville.fr\/fr\/2024\/12\/10\/les-macarons-franck-deville-partenaires-officiels-de-la-celebration-des-120-ans-de-rolls-royce-par-le-rrec\/#breadcrumb","itemListElement":[{"@type":"ListItem","position":1,"name":"Accueil","item":"http:\/\/www.franckdeville.fr\/fr\/"},{"@type":"ListItem","position":2,"name":"Les Macarons Franck Deville partenaires officiels de la c\u00e9l\u00e9bration des 120 ans de Rolls-Royce par le RREC"}]},{"@type":"WebSite","@id":"https:\/\/www.franckdeville.fr\/fr\/#website","url":"https:\/\/www.franckdeville.fr\/fr\/","name":"Franck Deville","description":"L&#039;Artisan Macaronier des Chefs","publisher":{"@id":"https:\/\/www.franckdeville.fr\/fr\/#organization"},"potentialAction":[{"@type":"SearchAction","target":{"@type":"EntryPoint","urlTemplate":"https:\/\/www.franckdeville.fr\/fr\/?s={search_term_string}"},"query-input":{"@type":"PropertyValueSpecification","valueRequired":true,"valueName":"search_term_string"}}],"inLanguage":"es"},{"@type":"Organization","@id":"https:\/\/www.franckdeville.fr\/fr\/#organization","name":"Franck Deville","url":"https:\/\/www.franckdeville.fr\/fr\/","logo":{"@type":"ImageObject","inLanguage":"es","@id":"https:\/\/www.franckdeville.fr\/fr\/#\/schema\/logo\/image\/","url":"https:\/\/www.franckdeville.fr\/wp-content\/uploads\/2024\/09\/logo_franckdeville_small2.png","contentUrl":"https:\/\/www.franckdeville.fr\/wp-content\/uploads\/2024\/09\/logo_franckdeville_small2.png","width":600,"height":193,"caption":"Franck Deville"},"image":{"@id":"https:\/\/www.franckdeville.fr\/fr\/#\/schema\/logo\/image\/"},"sameAs":["https:\/\/www.facebook.com\/FranckDevillemacarons"]},{"@type":"Person","@id":"https:\/\/www.franckdeville.fr\/fr\/#\/schema\/person\/b594f9842fc073c5600ebbb2f29badfa","name":"peritaje web","image":{"@type":"ImageObject","inLanguage":"es","@id":"https:\/\/secure.gravatar.com\/avatar\/58228ef1a3f803bc2ba56707f868325f9f0eab5b33f979edde6081f62aa1c02a?s=96&d=mm&r=g","url":"https:\/\/secure.gravatar.com\/avatar\/58228ef1a3f803bc2ba56707f868325f9f0eab5b33f979edde6081f62aa1c02a?s=96&d=mm&r=g","contentUrl":"https:\/\/secure.gravatar.com\/avatar\/58228ef1a3f803bc2ba56707f868325f9f0eab5b33f979edde6081f62aa1c02a?s=96&d=mm&r=g","caption":"expertiseweb"},"sameAs":["https:\/\/www.franckdeville.fr"],"url":"https:\/\/www.franckdeville.fr\/es\/author\/expertiseweb\/"}]}},"_links":{"self":[{"href":"https:\/\/www.franckdeville.fr\/es\/wp-json\/wp\/v2\/posts\/5103","targetHints":{"allow":["GET"]}}],"collection":[{"href":"https:\/\/www.franckdeville.fr\/es\/wp-json\/wp\/v2\/posts"}],"about":[{"href":"https:\/\/www.franckdeville.fr\/es\/wp-json\/wp\/v2\/types\/post"}],"author":[{"embeddable":true,"href":"https:\/\/www.franckdeville.fr\/es\/wp-json\/wp\/v2\/users\/1"}],"replies":[{"embeddable":true,"href":"https:\/\/www.franckdeville.fr\/es\/wp-json\/wp\/v2\/comments?post=5103"}],"version-history":[{"count":1,"href":"https:\/\/www.franckdeville.fr\/es\/wp-json\/wp\/v2\/posts\/5103\/revisions"}],"predecessor-version":[{"id":5105,"href":"https:\/\/www.franckdeville.fr\/es\/wp-json\/wp\/v2\/posts\/5103\/revisions\/5105"}],"wp:featuredmedia":[{"embeddable":true,"href":"https:\/\/www.franckdeville.fr\/es\/wp-json\/wp\/v2\/media\/5104"}],"wp:attachment":[{"href":"https:\/\/www.franckdeville.fr\/es\/wp-json\/wp\/v2\/media?parent=5103"}],"wp:term":[{"taxonomy":"category","embeddable":true,"href":"https:\/\/www.franckdeville.fr\/es\/wp-json\/wp\/v2\/categories?post=5103"},{"taxonomy":"post_tag","embeddable":true,"href":"https:\/\/www.franckdeville.fr\/es\/wp-json\/wp\/v2\/tags?post=5103"}],"curies":[{"name":"wp","href":"https:\/\/api.w.org\/{rel}","templated":true}]}}