{"id":4837,"date":"2023-09-14T15:25:00","date_gmt":"2023-09-14T13:25:00","guid":{"rendered":"https:\/\/www.franckdeville.fr\/?p=4837"},"modified":"2024-12-13T16:26:40","modified_gmt":"2024-12-13T15:26:40","slug":"lanzamiento-de-macarrones-con-ingredientes-franceses","status":"publish","type":"post","link":"https:\/\/www.franckdeville.fr\/es\/2023\/09\/14\/lanzamiento-de-macarrones-con-ingredientes-franceses\/","title":{"rendered":"Lanzamiento de los macarrones Ingr\u00e9dients Fran\u00e7ais"},"content":{"rendered":"<p>Franck Deville lanz\u00f3 el 14 de septiembre sus macarrones elaborados exclusivamente con ingredientes franceses. El evento subray\u00f3 el compromiso de la marca con la calidad y la autenticidad, promoviendo el saber hacer artesanal y los productos locales. Este lanzamiento marca una nueva etapa en la promoci\u00f3n del patrimonio culinario franc\u00e9s.<\/p>","protected":false},"excerpt":{"rendered":"<p>La soci\u00e9t\u00e9 Franck Deville a lanc\u00e9 ses macarons exclusivement pr\u00e9par\u00e9s avec des ingr\u00e9dients fran\u00e7ais le 14 septembre 2023. Cet \u00e9v\u00e9nement a mis en avant l&rsquo;engagement de la marque envers la qualit\u00e9 et l&rsquo;authenticit\u00e9, en valorisant le savoir-faire artisanal et les produits locaux. Ce lancement marque une nouvelle \u00e9tape dans la promotion du patrimoine culinaire fran\u00e7ais.<\/p>","protected":false},"author":1,"featured_media":4565,"comment_status":"closed","ping_status":"open","sticky":false,"template":"","format":"standard","meta":{"footnotes":""},"categories":[126],"tags":[],"class_list":["post-4837","post","type-post","status-publish","format-standard","has-post-thumbnail","hentry","category-evenements3"],"yoast_head":"<!-- This site is optimized with the Yoast SEO plugin v27.4 - https:\/\/yoast.com\/product\/yoast-seo-wordpress\/ -->\n<title>Lancement des macarons Ingr\u00e9dients Fran\u00e7ais - Franck Deville - Macarons fran\u00e7ais d&#039;excellence<\/title>\n<meta name=\"description\" content=\"La soci\u00e9t\u00e9 Franck Deville a lanc\u00e9 ses macarons exclusivement pr\u00e9par\u00e9s avec des ingr\u00e9dients fran\u00e7ais le 14 septembre 2023\u2026\" \/>\n<meta name=\"robots\" content=\"index, follow, max-snippet:-1, max-image-preview:large, max-video-preview:-1\" \/>\n<link rel=\"canonical\" href=\"http:\/\/www.franckdeville.fr\/es\/2023\/09\/14\/lanzamiento-de-macarrones-con-ingredientes-franceses\/\" \/>\n<meta property=\"og:locale\" content=\"es_ES\" \/>\n<meta property=\"og:type\" content=\"article\" \/>\n<meta property=\"og:title\" content=\"Lancement des macarons Ingr\u00e9dients Fran\u00e7ais - Franck Deville - Macarons fran\u00e7ais d&#039;excellence\" \/>\n<meta property=\"og:description\" content=\"La soci\u00e9t\u00e9 Franck Deville a lanc\u00e9 ses macarons exclusivement pr\u00e9par\u00e9s avec des ingr\u00e9dients fran\u00e7ais le 14 septembre 2023\u2026\" \/>\n<meta property=\"og:url\" content=\"http:\/\/www.franckdeville.fr\/es\/2023\/09\/14\/lanzamiento-de-macarrones-con-ingredientes-franceses\/\" \/>\n<meta property=\"og:site_name\" content=\"Franck Deville - Macarons fran\u00e7ais d&#039;excellence\" \/>\n<meta property=\"article:publisher\" content=\"https:\/\/www.facebook.com\/FranckDevillemacarons\" \/>\n<meta property=\"article:published_time\" content=\"2023-09-14T13:25:00+00:00\" \/>\n<meta property=\"article:modified_time\" content=\"2024-12-13T15:26:40+00:00\" \/>\n<meta property=\"og:image\" content=\"https:\/\/www.franckdeville.fr\/wp-content\/uploads\/2024\/07\/Macaron-fraise-Mara-des-bois.jpg\" \/>\n\t<meta property=\"og:image:width\" content=\"1200\" \/>\n\t<meta property=\"og:image:height\" content=\"1200\" \/>\n\t<meta property=\"og:image:type\" content=\"image\/jpeg\" \/>\n<meta name=\"author\" content=\"expertiseweb\" \/>\n<meta name=\"twitter:card\" content=\"summary_large_image\" \/>\n<meta name=\"twitter:label1\" content=\"Escrito por\" \/>\n\t<meta name=\"twitter:data1\" content=\"expertiseweb\" \/>\n<script type=\"application\/ld+json\" class=\"yoast-schema-graph\">{\"@context\":\"https:\\\/\\\/schema.org\",\"@graph\":[{\"@type\":\"Article\",\"@id\":\"http:\\\/\\\/www.franckdeville.fr\\\/fr\\\/2023\\\/09\\\/14\\\/lancement-des-macarons-ingredients-francais\\\/#article\",\"isPartOf\":{\"@id\":\"http:\\\/\\\/www.franckdeville.fr\\\/fr\\\/2023\\\/09\\\/14\\\/lancement-des-macarons-ingredients-francais\\\/\"},\"author\":{\"name\":\"expertiseweb\",\"@id\":\"https:\\\/\\\/www.franckdeville.fr\\\/fr\\\/#\\\/schema\\\/person\\\/b594f9842fc073c5600ebbb2f29badfa\"},\"headline\":\"Lancement des macarons Ingr\u00e9dients Fran\u00e7ais\",\"datePublished\":\"2023-09-14T13:25:00+00:00\",\"dateModified\":\"2024-12-13T15:26:40+00:00\",\"mainEntityOfPage\":{\"@id\":\"http:\\\/\\\/www.franckdeville.fr\\\/fr\\\/2023\\\/09\\\/14\\\/lancement-des-macarons-ingredients-francais\\\/\"},\"wordCount\":67,\"publisher\":{\"@id\":\"https:\\\/\\\/www.franckdeville.fr\\\/fr\\\/#organization\"},\"image\":{\"@id\":\"http:\\\/\\\/www.franckdeville.fr\\\/fr\\\/2023\\\/09\\\/14\\\/lancement-des-macarons-ingredients-francais\\\/#primaryimage\"},\"thumbnailUrl\":\"https:\\\/\\\/www.franckdeville.fr\\\/wp-content\\\/uploads\\\/2024\\\/07\\\/Macaron-fraise-Mara-des-bois.jpg\",\"articleSection\":[\"Ev\u00e8nements\"],\"inLanguage\":\"es\"},{\"@type\":\"WebPage\",\"@id\":\"http:\\\/\\\/www.franckdeville.fr\\\/fr\\\/2023\\\/09\\\/14\\\/lancement-des-macarons-ingredients-francais\\\/\",\"url\":\"http:\\\/\\\/www.franckdeville.fr\\\/fr\\\/2023\\\/09\\\/14\\\/lancement-des-macarons-ingredients-francais\\\/\",\"name\":\"Lancement des macarons Ingr\u00e9dients Fran\u00e7ais - Franck Deville - Macarons fran\u00e7ais d&#039;excellence\",\"isPartOf\":{\"@id\":\"https:\\\/\\\/www.franckdeville.fr\\\/fr\\\/#website\"},\"primaryImageOfPage\":{\"@id\":\"http:\\\/\\\/www.franckdeville.fr\\\/fr\\\/2023\\\/09\\\/14\\\/lancement-des-macarons-ingredients-francais\\\/#primaryimage\"},\"image\":{\"@id\":\"http:\\\/\\\/www.franckdeville.fr\\\/fr\\\/2023\\\/09\\\/14\\\/lancement-des-macarons-ingredients-francais\\\/#primaryimage\"},\"thumbnailUrl\":\"https:\\\/\\\/www.franckdeville.fr\\\/wp-content\\\/uploads\\\/2024\\\/07\\\/Macaron-fraise-Mara-des-bois.jpg\",\"datePublished\":\"2023-09-14T13:25:00+00:00\",\"dateModified\":\"2024-12-13T15:26:40+00:00\",\"description\":\"La soci\u00e9t\u00e9 Franck Deville a lanc\u00e9 ses macarons exclusivement pr\u00e9par\u00e9s avec des ingr\u00e9dients fran\u00e7ais le 14 septembre 2023\u2026\",\"breadcrumb\":{\"@id\":\"http:\\\/\\\/www.franckdeville.fr\\\/fr\\\/2023\\\/09\\\/14\\\/lancement-des-macarons-ingredients-francais\\\/#breadcrumb\"},\"inLanguage\":\"es\",\"potentialAction\":[{\"@type\":\"ReadAction\",\"target\":[\"http:\\\/\\\/www.franckdeville.fr\\\/fr\\\/2023\\\/09\\\/14\\\/lancement-des-macarons-ingredients-francais\\\/\"]}]},{\"@type\":\"ImageObject\",\"inLanguage\":\"es\",\"@id\":\"http:\\\/\\\/www.franckdeville.fr\\\/fr\\\/2023\\\/09\\\/14\\\/lancement-des-macarons-ingredients-francais\\\/#primaryimage\",\"url\":\"https:\\\/\\\/www.franckdeville.fr\\\/wp-content\\\/uploads\\\/2024\\\/07\\\/Macaron-fraise-Mara-des-bois.jpg\",\"contentUrl\":\"https:\\\/\\\/www.franckdeville.fr\\\/wp-content\\\/uploads\\\/2024\\\/07\\\/Macaron-fraise-Mara-des-bois.jpg\",\"width\":1200,\"height\":1200,\"caption\":\"Macaron fraise Mara des bois\"},{\"@type\":\"BreadcrumbList\",\"@id\":\"http:\\\/\\\/www.franckdeville.fr\\\/fr\\\/2023\\\/09\\\/14\\\/lancement-des-macarons-ingredients-francais\\\/#breadcrumb\",\"itemListElement\":[{\"@type\":\"ListItem\",\"position\":1,\"name\":\"Accueil\",\"item\":\"http:\\\/\\\/www.franckdeville.fr\\\/fr\\\/\"},{\"@type\":\"ListItem\",\"position\":2,\"name\":\"Lancement des macarons Ingr\u00e9dients Fran\u00e7ais\"}]},{\"@type\":\"WebSite\",\"@id\":\"https:\\\/\\\/www.franckdeville.fr\\\/fr\\\/#website\",\"url\":\"https:\\\/\\\/www.franckdeville.fr\\\/fr\\\/\",\"name\":\"Franck Deville\",\"description\":\"L&#039;Artisan Macaronier des Chefs\",\"publisher\":{\"@id\":\"https:\\\/\\\/www.franckdeville.fr\\\/fr\\\/#organization\"},\"potentialAction\":[{\"@type\":\"SearchAction\",\"target\":{\"@type\":\"EntryPoint\",\"urlTemplate\":\"https:\\\/\\\/www.franckdeville.fr\\\/fr\\\/?s={search_term_string}\"},\"query-input\":{\"@type\":\"PropertyValueSpecification\",\"valueRequired\":true,\"valueName\":\"search_term_string\"}}],\"inLanguage\":\"es\"},{\"@type\":\"Organization\",\"@id\":\"https:\\\/\\\/www.franckdeville.fr\\\/fr\\\/#organization\",\"name\":\"Franck Deville\",\"url\":\"https:\\\/\\\/www.franckdeville.fr\\\/fr\\\/\",\"logo\":{\"@type\":\"ImageObject\",\"inLanguage\":\"es\",\"@id\":\"https:\\\/\\\/www.franckdeville.fr\\\/fr\\\/#\\\/schema\\\/logo\\\/image\\\/\",\"url\":\"https:\\\/\\\/www.franckdeville.fr\\\/wp-content\\\/uploads\\\/2024\\\/09\\\/logo_franckdeville_small2.png\",\"contentUrl\":\"https:\\\/\\\/www.franckdeville.fr\\\/wp-content\\\/uploads\\\/2024\\\/09\\\/logo_franckdeville_small2.png\",\"width\":600,\"height\":193,\"caption\":\"Franck Deville\"},\"image\":{\"@id\":\"https:\\\/\\\/www.franckdeville.fr\\\/fr\\\/#\\\/schema\\\/logo\\\/image\\\/\"},\"sameAs\":[\"https:\\\/\\\/www.facebook.com\\\/FranckDevillemacarons\"]},{\"@type\":\"Person\",\"@id\":\"https:\\\/\\\/www.franckdeville.fr\\\/fr\\\/#\\\/schema\\\/person\\\/b594f9842fc073c5600ebbb2f29badfa\",\"name\":\"expertiseweb\",\"image\":{\"@type\":\"ImageObject\",\"inLanguage\":\"es\",\"@id\":\"https:\\\/\\\/secure.gravatar.com\\\/avatar\\\/58228ef1a3f803bc2ba56707f868325f9f0eab5b33f979edde6081f62aa1c02a?s=96&d=mm&r=g\",\"url\":\"https:\\\/\\\/secure.gravatar.com\\\/avatar\\\/58228ef1a3f803bc2ba56707f868325f9f0eab5b33f979edde6081f62aa1c02a?s=96&d=mm&r=g\",\"contentUrl\":\"https:\\\/\\\/secure.gravatar.com\\\/avatar\\\/58228ef1a3f803bc2ba56707f868325f9f0eab5b33f979edde6081f62aa1c02a?s=96&d=mm&r=g\",\"caption\":\"expertiseweb\"},\"sameAs\":[\"https:\\\/\\\/www.franckdeville.fr\"],\"url\":\"https:\\\/\\\/www.franckdeville.fr\\\/es\\\/author\\\/expertiseweb\\\/\"}]}<\/script>\n<!-- \/ Yoast SEO plugin. -->","yoast_head_json":{"title":"Lancement des macarons Ingr\u00e9dients Fran\u00e7ais - Franck Deville - Macarons fran\u00e7ais d&#039;excellence","description":"La soci\u00e9t\u00e9 Franck Deville a lanc\u00e9 ses macarons exclusivement pr\u00e9par\u00e9s avec des ingr\u00e9dients fran\u00e7ais le 14 septembre 2023\u2026","robots":{"index":"index","follow":"follow","max-snippet":"max-snippet:-1","max-image-preview":"max-image-preview:large","max-video-preview":"max-video-preview:-1"},"canonical":"http:\/\/www.franckdeville.fr\/es\/2023\/09\/14\/lanzamiento-de-macarrones-con-ingredientes-franceses\/","og_locale":"es_ES","og_type":"article","og_title":"Lancement des macarons Ingr\u00e9dients Fran\u00e7ais - Franck Deville - Macarons fran\u00e7ais d&#039;excellence","og_description":"La soci\u00e9t\u00e9 Franck Deville a lanc\u00e9 ses macarons exclusivement pr\u00e9par\u00e9s avec des ingr\u00e9dients fran\u00e7ais le 14 septembre 2023\u2026","og_url":"http:\/\/www.franckdeville.fr\/es\/2023\/09\/14\/lanzamiento-de-macarrones-con-ingredientes-franceses\/","og_site_name":"Franck Deville - Macarons fran\u00e7ais d&#039;excellence","article_publisher":"https:\/\/www.facebook.com\/FranckDevillemacarons","article_published_time":"2023-09-14T13:25:00+00:00","article_modified_time":"2024-12-13T15:26:40+00:00","og_image":[{"width":1200,"height":1200,"url":"https:\/\/www.franckdeville.fr\/wp-content\/uploads\/2024\/07\/Macaron-fraise-Mara-des-bois.jpg","type":"image\/jpeg"}],"author":"expertiseweb","twitter_card":"summary_large_image","twitter_misc":{"Escrito por":"expertiseweb"},"schema":{"@context":"https:\/\/schema.org","@graph":[{"@type":"Article","@id":"http:\/\/www.franckdeville.fr\/fr\/2023\/09\/14\/lancement-des-macarons-ingredients-francais\/#article","isPartOf":{"@id":"http:\/\/www.franckdeville.fr\/fr\/2023\/09\/14\/lancement-des-macarons-ingredients-francais\/"},"author":{"name":"expertiseweb","@id":"https:\/\/www.franckdeville.fr\/fr\/#\/schema\/person\/b594f9842fc073c5600ebbb2f29badfa"},"headline":"Lancement des macarons Ingr\u00e9dients Fran\u00e7ais","datePublished":"2023-09-14T13:25:00+00:00","dateModified":"2024-12-13T15:26:40+00:00","mainEntityOfPage":{"@id":"http:\/\/www.franckdeville.fr\/fr\/2023\/09\/14\/lancement-des-macarons-ingredients-francais\/"},"wordCount":67,"publisher":{"@id":"https:\/\/www.franckdeville.fr\/fr\/#organization"},"image":{"@id":"http:\/\/www.franckdeville.fr\/fr\/2023\/09\/14\/lancement-des-macarons-ingredients-francais\/#primaryimage"},"thumbnailUrl":"https:\/\/www.franckdeville.fr\/wp-content\/uploads\/2024\/07\/Macaron-fraise-Mara-des-bois.jpg","articleSection":["Ev\u00e8nements"],"inLanguage":"es"},{"@type":"WebPage","@id":"http:\/\/www.franckdeville.fr\/fr\/2023\/09\/14\/lancement-des-macarons-ingredients-francais\/","url":"http:\/\/www.franckdeville.fr\/fr\/2023\/09\/14\/lancement-des-macarons-ingredients-francais\/","name":"Lancement des macarons Ingr\u00e9dients Fran\u00e7ais - Franck Deville - Macarons fran\u00e7ais d&#039;excellence","isPartOf":{"@id":"https:\/\/www.franckdeville.fr\/fr\/#website"},"primaryImageOfPage":{"@id":"http:\/\/www.franckdeville.fr\/fr\/2023\/09\/14\/lancement-des-macarons-ingredients-francais\/#primaryimage"},"image":{"@id":"http:\/\/www.franckdeville.fr\/fr\/2023\/09\/14\/lancement-des-macarons-ingredients-francais\/#primaryimage"},"thumbnailUrl":"https:\/\/www.franckdeville.fr\/wp-content\/uploads\/2024\/07\/Macaron-fraise-Mara-des-bois.jpg","datePublished":"2023-09-14T13:25:00+00:00","dateModified":"2024-12-13T15:26:40+00:00","description":"La soci\u00e9t\u00e9 Franck Deville a lanc\u00e9 ses macarons exclusivement pr\u00e9par\u00e9s avec des ingr\u00e9dients fran\u00e7ais le 14 septembre 2023\u2026","breadcrumb":{"@id":"http:\/\/www.franckdeville.fr\/fr\/2023\/09\/14\/lancement-des-macarons-ingredients-francais\/#breadcrumb"},"inLanguage":"es","potentialAction":[{"@type":"ReadAction","target":["http:\/\/www.franckdeville.fr\/fr\/2023\/09\/14\/lancement-des-macarons-ingredients-francais\/"]}]},{"@type":"ImageObject","inLanguage":"es","@id":"http:\/\/www.franckdeville.fr\/fr\/2023\/09\/14\/lancement-des-macarons-ingredients-francais\/#primaryimage","url":"https:\/\/www.franckdeville.fr\/wp-content\/uploads\/2024\/07\/Macaron-fraise-Mara-des-bois.jpg","contentUrl":"https:\/\/www.franckdeville.fr\/wp-content\/uploads\/2024\/07\/Macaron-fraise-Mara-des-bois.jpg","width":1200,"height":1200,"caption":"Macaron fraise Mara des bois"},{"@type":"BreadcrumbList","@id":"http:\/\/www.franckdeville.fr\/fr\/2023\/09\/14\/lancement-des-macarons-ingredients-francais\/#breadcrumb","itemListElement":[{"@type":"ListItem","position":1,"name":"Accueil","item":"http:\/\/www.franckdeville.fr\/fr\/"},{"@type":"ListItem","position":2,"name":"Lancement des macarons Ingr\u00e9dients Fran\u00e7ais"}]},{"@type":"WebSite","@id":"https:\/\/www.franckdeville.fr\/fr\/#website","url":"https:\/\/www.franckdeville.fr\/fr\/","name":"Franck Deville","description":"L&#039;Artisan Macaronier des Chefs","publisher":{"@id":"https:\/\/www.franckdeville.fr\/fr\/#organization"},"potentialAction":[{"@type":"SearchAction","target":{"@type":"EntryPoint","urlTemplate":"https:\/\/www.franckdeville.fr\/fr\/?s={search_term_string}"},"query-input":{"@type":"PropertyValueSpecification","valueRequired":true,"valueName":"search_term_string"}}],"inLanguage":"es"},{"@type":"Organization","@id":"https:\/\/www.franckdeville.fr\/fr\/#organization","name":"Franck Deville","url":"https:\/\/www.franckdeville.fr\/fr\/","logo":{"@type":"ImageObject","inLanguage":"es","@id":"https:\/\/www.franckdeville.fr\/fr\/#\/schema\/logo\/image\/","url":"https:\/\/www.franckdeville.fr\/wp-content\/uploads\/2024\/09\/logo_franckdeville_small2.png","contentUrl":"https:\/\/www.franckdeville.fr\/wp-content\/uploads\/2024\/09\/logo_franckdeville_small2.png","width":600,"height":193,"caption":"Franck Deville"},"image":{"@id":"https:\/\/www.franckdeville.fr\/fr\/#\/schema\/logo\/image\/"},"sameAs":["https:\/\/www.facebook.com\/FranckDevillemacarons"]},{"@type":"Person","@id":"https:\/\/www.franckdeville.fr\/fr\/#\/schema\/person\/b594f9842fc073c5600ebbb2f29badfa","name":"peritaje web","image":{"@type":"ImageObject","inLanguage":"es","@id":"https:\/\/secure.gravatar.com\/avatar\/58228ef1a3f803bc2ba56707f868325f9f0eab5b33f979edde6081f62aa1c02a?s=96&d=mm&r=g","url":"https:\/\/secure.gravatar.com\/avatar\/58228ef1a3f803bc2ba56707f868325f9f0eab5b33f979edde6081f62aa1c02a?s=96&d=mm&r=g","contentUrl":"https:\/\/secure.gravatar.com\/avatar\/58228ef1a3f803bc2ba56707f868325f9f0eab5b33f979edde6081f62aa1c02a?s=96&d=mm&r=g","caption":"expertiseweb"},"sameAs":["https:\/\/www.franckdeville.fr"],"url":"https:\/\/www.franckdeville.fr\/es\/author\/expertiseweb\/"}]}},"_links":{"self":[{"href":"https:\/\/www.franckdeville.fr\/es\/wp-json\/wp\/v2\/posts\/4837","targetHints":{"allow":["GET"]}}],"collection":[{"href":"https:\/\/www.franckdeville.fr\/es\/wp-json\/wp\/v2\/posts"}],"about":[{"href":"https:\/\/www.franckdeville.fr\/es\/wp-json\/wp\/v2\/types\/post"}],"author":[{"embeddable":true,"href":"https:\/\/www.franckdeville.fr\/es\/wp-json\/wp\/v2\/users\/1"}],"replies":[{"embeddable":true,"href":"https:\/\/www.franckdeville.fr\/es\/wp-json\/wp\/v2\/comments?post=4837"}],"version-history":[{"count":4,"href":"https:\/\/www.franckdeville.fr\/es\/wp-json\/wp\/v2\/posts\/4837\/revisions"}],"predecessor-version":[{"id":5110,"href":"https:\/\/www.franckdeville.fr\/es\/wp-json\/wp\/v2\/posts\/4837\/revisions\/5110"}],"wp:featuredmedia":[{"embeddable":true,"href":"https:\/\/www.franckdeville.fr\/es\/wp-json\/wp\/v2\/media\/4565"}],"wp:attachment":[{"href":"https:\/\/www.franckdeville.fr\/es\/wp-json\/wp\/v2\/media?parent=4837"}],"wp:term":[{"taxonomy":"category","embeddable":true,"href":"https:\/\/www.franckdeville.fr\/es\/wp-json\/wp\/v2\/categories?post=4837"},{"taxonomy":"post_tag","embeddable":true,"href":"https:\/\/www.franckdeville.fr\/es\/wp-json\/wp\/v2\/tags?post=4837"}],"curies":[{"name":"wp","href":"https:\/\/api.w.org\/{rel}","templated":true}]}}