{"id":5103,"date":"2024-12-10T16:14:21","date_gmt":"2024-12-10T15:14:21","guid":{"rendered":"https:\/\/www.franckdeville.fr\/?p=5103"},"modified":"2024-12-13T16:19:29","modified_gmt":"2024-12-13T15:19:29","slug":"les-macarons-franck-deville-official-partners-of-the-rrec-120th-anniversary-celebration-of-rolls-royce","status":"publish","type":"post","link":"https:\/\/www.franckdeville.fr\/en\/2024\/12\/10\/les-macarons-franck-deville-official-partners-of-the-rrec-120th-anniversary-celebration-of-rolls-royce\/","title":{"rendered":"Les Macarons Franck Deville official partners of RREC's celebration of 120 years of Rolls-Royce"},"content":{"rendered":"<p>Visit <a href=\"https:\/\/rrec.org.uk\/\">Rolls-Royce and Bentley International Enthusiasts Club (RREC) <\/a>one of the world's oldest and most prestigious automobile clubs, has chosen Macarons Franck Deville for the second year running to take part in a project that combines sustainable luxury with some of the world's most prestigious brands.<\/p>\n\n\n\n<p>To mark the occasion, a large-format book has been published by the International Rolls-Royce and Bentley Enthusiasts Club.<\/p>\n\n\n\n<p>The year 2024 marks the 120th anniversary of the founding of the British luxury car manufacturer. To commemorate this anniversary, one of the world's oldest and most famous automobile clubs, the International Rolls-Royce and Bentley Enthusiasts Club, has written a book in collaboration with St. Jame's House, in which the carmaker's history and successes are recounted, along with the presentation of its first electric model, \"Rolls-Royce Spectre\". Celebrating the past, present and future of the \"world's best car\", the book's contents range from rare archive documents to the latest automotive innovations. But that's not all. It also includes a luxury lifestyle guide to exceptional products and services. These include Deville macaroons. A positioning we're very proud of.   Two full pages are devoted to Deville macaroons, which are described as \"gastronomic masterpieces\". Franck Deville's \"French passion\" is praised, as is the quality of his macaroons.<\/p>\n\n\n\n<p><\/p>","protected":false},"excerpt":{"rendered":"<p>Le Club international des passionn\u00e9s de Rolls-Royce et de Bentley (RREC) , l&rsquo;un des clubs automobiles les plus anciens et les plus prestigieux, a choisi les Macarons Franck Deville pour la deuxi\u00e8me ann\u00e9e cons\u00e9cutive afin de participer \u00e0 un projet qui associe le luxe durable \u00e0 certaines des marques les plus prestigieuses du monde. \u00c0 l&rsquo;occasion de cette comm\u00e9moration un livre grand format a \u00e9t\u00e9 publi\u00e9 par l&rsquo;International Rolls-Royce and Bentley Enthusiasts Club. L&rsquo;ann\u00e9e 2024 marque le 120e anniversaire de la cr\u00e9ation du constructeur britannique [&hellip;]<\/p>\n","protected":false},"author":1,"featured_media":5104,"comment_status":"closed","ping_status":"open","sticky":false,"template":"","format":"standard","meta":{"footnotes":""},"categories":[126],"tags":[],"class_list":["post-5103","post","type-post","status-publish","format-standard","has-post-thumbnail","hentry","category-evenements3"],"yoast_head":"<!-- This site is optimized with the Yoast SEO plugin v27.4 - https:\/\/yoast.com\/product\/yoast-seo-wordpress\/ -->\n<title>Les Macarons Franck Deville partenaires officiels de la c\u00e9l\u00e9bration des 120 ans de Rolls-Royce par le RREC - Franck Deville - Macarons fran\u00e7ais d&#039;excellence<\/title>\n<meta name=\"description\" content=\"Le Club international des passionn\u00e9s de Rolls-Royce et de Bentley (RREC), l\u2019un des clubs automobiles les plus anciens et les plus prestigieux\u2026\" \/>\n<meta name=\"robots\" content=\"index, follow, max-snippet:-1, max-image-preview:large, max-video-preview:-1\" \/>\n<link rel=\"canonical\" href=\"http:\/\/www.franckdeville.fr\/en\/2024\/12\/10\/les-macarons-franck-deville-official-partners-of-the-rrec-120th-anniversary-celebration-of-rolls-royce\/\" \/>\n<meta property=\"og:locale\" content=\"en_US\" \/>\n<meta property=\"og:type\" content=\"article\" \/>\n<meta property=\"og:title\" content=\"Les Macarons Franck Deville partenaires officiels de la c\u00e9l\u00e9bration des 120 ans de Rolls-Royce par le RREC - Franck Deville - Macarons fran\u00e7ais d&#039;excellence\" \/>\n<meta property=\"og:description\" content=\"Le Club international des passionn\u00e9s de Rolls-Royce et de Bentley (RREC), l\u2019un des clubs automobiles les plus anciens et les plus prestigieux\u2026\" \/>\n<meta property=\"og:url\" content=\"http:\/\/www.franckdeville.fr\/en\/2024\/12\/10\/les-macarons-franck-deville-official-partners-of-the-rrec-120th-anniversary-celebration-of-rolls-royce\/\" \/>\n<meta property=\"og:site_name\" content=\"Franck Deville - Macarons fran\u00e7ais d&#039;excellence\" \/>\n<meta property=\"article:publisher\" content=\"https:\/\/www.facebook.com\/FranckDevillemacarons\" \/>\n<meta property=\"article:published_time\" content=\"2024-12-10T15:14:21+00:00\" \/>\n<meta property=\"article:modified_time\" content=\"2024-12-13T15:19:29+00:00\" \/>\n<meta property=\"og:image\" content=\"https:\/\/www.franckdeville.fr\/wp-content\/uploads\/2024\/12\/french-passion-macaron.jpg\" \/>\n\t<meta property=\"og:image:width\" content=\"2000\" \/>\n\t<meta property=\"og:image:height\" content=\"1408\" \/>\n\t<meta property=\"og:image:type\" content=\"image\/jpeg\" \/>\n<meta name=\"author\" content=\"expertiseweb\" \/>\n<meta name=\"twitter:card\" content=\"summary_large_image\" \/>\n<meta name=\"twitter:label1\" content=\"Written by\" \/>\n\t<meta name=\"twitter:data1\" content=\"expertiseweb\" \/>\n\t<meta name=\"twitter:label2\" content=\"Est. reading time\" \/>\n\t<meta name=\"twitter:data2\" content=\"1 minute\" \/>\n<script type=\"application\/ld+json\" class=\"yoast-schema-graph\">{\"@context\":\"https:\\\/\\\/schema.org\",\"@graph\":[{\"@type\":\"Article\",\"@id\":\"http:\\\/\\\/www.franckdeville.fr\\\/fr\\\/2024\\\/12\\\/10\\\/les-macarons-franck-deville-partenaires-officiels-de-la-celebration-des-120-ans-de-rolls-royce-par-le-rrec\\\/#article\",\"isPartOf\":{\"@id\":\"http:\\\/\\\/www.franckdeville.fr\\\/fr\\\/2024\\\/12\\\/10\\\/les-macarons-franck-deville-partenaires-officiels-de-la-celebration-des-120-ans-de-rolls-royce-par-le-rrec\\\/\"},\"author\":{\"name\":\"expertiseweb\",\"@id\":\"https:\\\/\\\/www.franckdeville.fr\\\/fr\\\/#\\\/schema\\\/person\\\/b594f9842fc073c5600ebbb2f29badfa\"},\"headline\":\"Les Macarons Franck Deville partenaires officiels de la c\u00e9l\u00e9bration des 120 ans de Rolls-Royce par le RREC\",\"datePublished\":\"2024-12-10T15:14:21+00:00\",\"dateModified\":\"2024-12-13T15:19:29+00:00\",\"mainEntityOfPage\":{\"@id\":\"http:\\\/\\\/www.franckdeville.fr\\\/fr\\\/2024\\\/12\\\/10\\\/les-macarons-franck-deville-partenaires-officiels-de-la-celebration-des-120-ans-de-rolls-royce-par-le-rrec\\\/\"},\"wordCount\":284,\"publisher\":{\"@id\":\"https:\\\/\\\/www.franckdeville.fr\\\/fr\\\/#organization\"},\"image\":{\"@id\":\"http:\\\/\\\/www.franckdeville.fr\\\/fr\\\/2024\\\/12\\\/10\\\/les-macarons-franck-deville-partenaires-officiels-de-la-celebration-des-120-ans-de-rolls-royce-par-le-rrec\\\/#primaryimage\"},\"thumbnailUrl\":\"https:\\\/\\\/www.franckdeville.fr\\\/wp-content\\\/uploads\\\/2024\\\/12\\\/french-passion-macaron.jpg\",\"articleSection\":[\"Ev\u00e8nements\"],\"inLanguage\":\"en-US\"},{\"@type\":\"WebPage\",\"@id\":\"http:\\\/\\\/www.franckdeville.fr\\\/fr\\\/2024\\\/12\\\/10\\\/les-macarons-franck-deville-partenaires-officiels-de-la-celebration-des-120-ans-de-rolls-royce-par-le-rrec\\\/\",\"url\":\"http:\\\/\\\/www.franckdeville.fr\\\/fr\\\/2024\\\/12\\\/10\\\/les-macarons-franck-deville-partenaires-officiels-de-la-celebration-des-120-ans-de-rolls-royce-par-le-rrec\\\/\",\"name\":\"Les Macarons Franck Deville partenaires officiels de la c\u00e9l\u00e9bration des 120 ans de Rolls-Royce par le RREC - Franck Deville - Macarons fran\u00e7ais d&#039;excellence\",\"isPartOf\":{\"@id\":\"https:\\\/\\\/www.franckdeville.fr\\\/fr\\\/#website\"},\"primaryImageOfPage\":{\"@id\":\"http:\\\/\\\/www.franckdeville.fr\\\/fr\\\/2024\\\/12\\\/10\\\/les-macarons-franck-deville-partenaires-officiels-de-la-celebration-des-120-ans-de-rolls-royce-par-le-rrec\\\/#primaryimage\"},\"image\":{\"@id\":\"http:\\\/\\\/www.franckdeville.fr\\\/fr\\\/2024\\\/12\\\/10\\\/les-macarons-franck-deville-partenaires-officiels-de-la-celebration-des-120-ans-de-rolls-royce-par-le-rrec\\\/#primaryimage\"},\"thumbnailUrl\":\"https:\\\/\\\/www.franckdeville.fr\\\/wp-content\\\/uploads\\\/2024\\\/12\\\/french-passion-macaron.jpg\",\"datePublished\":\"2024-12-10T15:14:21+00:00\",\"dateModified\":\"2024-12-13T15:19:29+00:00\",\"description\":\"Le Club international des passionn\u00e9s de Rolls-Royce et de Bentley (RREC), l\u2019un des clubs automobiles les plus anciens et les plus prestigieux\u2026\",\"breadcrumb\":{\"@id\":\"http:\\\/\\\/www.franckdeville.fr\\\/fr\\\/2024\\\/12\\\/10\\\/les-macarons-franck-deville-partenaires-officiels-de-la-celebration-des-120-ans-de-rolls-royce-par-le-rrec\\\/#breadcrumb\"},\"inLanguage\":\"en-US\",\"potentialAction\":[{\"@type\":\"ReadAction\",\"target\":[\"http:\\\/\\\/www.franckdeville.fr\\\/fr\\\/2024\\\/12\\\/10\\\/les-macarons-franck-deville-partenaires-officiels-de-la-celebration-des-120-ans-de-rolls-royce-par-le-rrec\\\/\"]}]},{\"@type\":\"ImageObject\",\"inLanguage\":\"en-US\",\"@id\":\"http:\\\/\\\/www.franckdeville.fr\\\/fr\\\/2024\\\/12\\\/10\\\/les-macarons-franck-deville-partenaires-officiels-de-la-celebration-des-120-ans-de-rolls-royce-par-le-rrec\\\/#primaryimage\",\"url\":\"https:\\\/\\\/www.franckdeville.fr\\\/wp-content\\\/uploads\\\/2024\\\/12\\\/french-passion-macaron.jpg\",\"contentUrl\":\"https:\\\/\\\/www.franckdeville.fr\\\/wp-content\\\/uploads\\\/2024\\\/12\\\/french-passion-macaron.jpg\",\"width\":2000,\"height\":1408,\"caption\":\"French passion macaron\"},{\"@type\":\"BreadcrumbList\",\"@id\":\"http:\\\/\\\/www.franckdeville.fr\\\/fr\\\/2024\\\/12\\\/10\\\/les-macarons-franck-deville-partenaires-officiels-de-la-celebration-des-120-ans-de-rolls-royce-par-le-rrec\\\/#breadcrumb\",\"itemListElement\":[{\"@type\":\"ListItem\",\"position\":1,\"name\":\"Accueil\",\"item\":\"http:\\\/\\\/www.franckdeville.fr\\\/fr\\\/\"},{\"@type\":\"ListItem\",\"position\":2,\"name\":\"Les Macarons Franck Deville partenaires officiels de la c\u00e9l\u00e9bration des 120 ans de Rolls-Royce par le RREC\"}]},{\"@type\":\"WebSite\",\"@id\":\"https:\\\/\\\/www.franckdeville.fr\\\/fr\\\/#website\",\"url\":\"https:\\\/\\\/www.franckdeville.fr\\\/fr\\\/\",\"name\":\"Franck Deville\",\"description\":\"L&#039;Artisan Macaronier des Chefs\",\"publisher\":{\"@id\":\"https:\\\/\\\/www.franckdeville.fr\\\/fr\\\/#organization\"},\"potentialAction\":[{\"@type\":\"SearchAction\",\"target\":{\"@type\":\"EntryPoint\",\"urlTemplate\":\"https:\\\/\\\/www.franckdeville.fr\\\/fr\\\/?s={search_term_string}\"},\"query-input\":{\"@type\":\"PropertyValueSpecification\",\"valueRequired\":true,\"valueName\":\"search_term_string\"}}],\"inLanguage\":\"en-US\"},{\"@type\":\"Organization\",\"@id\":\"https:\\\/\\\/www.franckdeville.fr\\\/fr\\\/#organization\",\"name\":\"Franck Deville\",\"url\":\"https:\\\/\\\/www.franckdeville.fr\\\/fr\\\/\",\"logo\":{\"@type\":\"ImageObject\",\"inLanguage\":\"en-US\",\"@id\":\"https:\\\/\\\/www.franckdeville.fr\\\/fr\\\/#\\\/schema\\\/logo\\\/image\\\/\",\"url\":\"https:\\\/\\\/www.franckdeville.fr\\\/wp-content\\\/uploads\\\/2024\\\/09\\\/logo_franckdeville_small2.png\",\"contentUrl\":\"https:\\\/\\\/www.franckdeville.fr\\\/wp-content\\\/uploads\\\/2024\\\/09\\\/logo_franckdeville_small2.png\",\"width\":600,\"height\":193,\"caption\":\"Franck Deville\"},\"image\":{\"@id\":\"https:\\\/\\\/www.franckdeville.fr\\\/fr\\\/#\\\/schema\\\/logo\\\/image\\\/\"},\"sameAs\":[\"https:\\\/\\\/www.facebook.com\\\/FranckDevillemacarons\"]},{\"@type\":\"Person\",\"@id\":\"https:\\\/\\\/www.franckdeville.fr\\\/fr\\\/#\\\/schema\\\/person\\\/b594f9842fc073c5600ebbb2f29badfa\",\"name\":\"expertiseweb\",\"image\":{\"@type\":\"ImageObject\",\"inLanguage\":\"en-US\",\"@id\":\"https:\\\/\\\/secure.gravatar.com\\\/avatar\\\/58228ef1a3f803bc2ba56707f868325f9f0eab5b33f979edde6081f62aa1c02a?s=96&d=mm&r=g\",\"url\":\"https:\\\/\\\/secure.gravatar.com\\\/avatar\\\/58228ef1a3f803bc2ba56707f868325f9f0eab5b33f979edde6081f62aa1c02a?s=96&d=mm&r=g\",\"contentUrl\":\"https:\\\/\\\/secure.gravatar.com\\\/avatar\\\/58228ef1a3f803bc2ba56707f868325f9f0eab5b33f979edde6081f62aa1c02a?s=96&d=mm&r=g\",\"caption\":\"expertiseweb\"},\"sameAs\":[\"https:\\\/\\\/www.franckdeville.fr\"],\"url\":\"https:\\\/\\\/www.franckdeville.fr\\\/en\\\/author\\\/expertiseweb\\\/\"}]}<\/script>\n<!-- \/ Yoast SEO plugin. -->","yoast_head_json":{"title":"Les Macarons Franck Deville partenaires officiels de la c\u00e9l\u00e9bration des 120 ans de Rolls-Royce par le RREC - Franck Deville - Macarons fran\u00e7ais d&#039;excellence","description":"Le Club international des passionn\u00e9s de Rolls-Royce et de Bentley (RREC), l\u2019un des clubs automobiles les plus anciens et les plus prestigieux\u2026","robots":{"index":"index","follow":"follow","max-snippet":"max-snippet:-1","max-image-preview":"max-image-preview:large","max-video-preview":"max-video-preview:-1"},"canonical":"http:\/\/www.franckdeville.fr\/en\/2024\/12\/10\/les-macarons-franck-deville-official-partners-of-the-rrec-120th-anniversary-celebration-of-rolls-royce\/","og_locale":"en_US","og_type":"article","og_title":"Les Macarons Franck Deville partenaires officiels de la c\u00e9l\u00e9bration des 120 ans de Rolls-Royce par le RREC - Franck Deville - Macarons fran\u00e7ais d&#039;excellence","og_description":"Le Club international des passionn\u00e9s de Rolls-Royce et de Bentley (RREC), l\u2019un des clubs automobiles les plus anciens et les plus prestigieux\u2026","og_url":"http:\/\/www.franckdeville.fr\/en\/2024\/12\/10\/les-macarons-franck-deville-official-partners-of-the-rrec-120th-anniversary-celebration-of-rolls-royce\/","og_site_name":"Franck Deville - Macarons fran\u00e7ais d&#039;excellence","article_publisher":"https:\/\/www.facebook.com\/FranckDevillemacarons","article_published_time":"2024-12-10T15:14:21+00:00","article_modified_time":"2024-12-13T15:19:29+00:00","og_image":[{"width":2000,"height":1408,"url":"https:\/\/www.franckdeville.fr\/wp-content\/uploads\/2024\/12\/french-passion-macaron.jpg","type":"image\/jpeg"}],"author":"expertiseweb","twitter_card":"summary_large_image","twitter_misc":{"Written by":"expertiseweb","Est. reading time":"1 minute"},"schema":{"@context":"https:\/\/schema.org","@graph":[{"@type":"Article","@id":"http:\/\/www.franckdeville.fr\/fr\/2024\/12\/10\/les-macarons-franck-deville-partenaires-officiels-de-la-celebration-des-120-ans-de-rolls-royce-par-le-rrec\/#article","isPartOf":{"@id":"http:\/\/www.franckdeville.fr\/fr\/2024\/12\/10\/les-macarons-franck-deville-partenaires-officiels-de-la-celebration-des-120-ans-de-rolls-royce-par-le-rrec\/"},"author":{"name":"expertiseweb","@id":"https:\/\/www.franckdeville.fr\/fr\/#\/schema\/person\/b594f9842fc073c5600ebbb2f29badfa"},"headline":"Les Macarons Franck Deville partenaires officiels de la c\u00e9l\u00e9bration des 120 ans de Rolls-Royce par le RREC","datePublished":"2024-12-10T15:14:21+00:00","dateModified":"2024-12-13T15:19:29+00:00","mainEntityOfPage":{"@id":"http:\/\/www.franckdeville.fr\/fr\/2024\/12\/10\/les-macarons-franck-deville-partenaires-officiels-de-la-celebration-des-120-ans-de-rolls-royce-par-le-rrec\/"},"wordCount":284,"publisher":{"@id":"https:\/\/www.franckdeville.fr\/fr\/#organization"},"image":{"@id":"http:\/\/www.franckdeville.fr\/fr\/2024\/12\/10\/les-macarons-franck-deville-partenaires-officiels-de-la-celebration-des-120-ans-de-rolls-royce-par-le-rrec\/#primaryimage"},"thumbnailUrl":"https:\/\/www.franckdeville.fr\/wp-content\/uploads\/2024\/12\/french-passion-macaron.jpg","articleSection":["Ev\u00e8nements"],"inLanguage":"en-US"},{"@type":"WebPage","@id":"http:\/\/www.franckdeville.fr\/fr\/2024\/12\/10\/les-macarons-franck-deville-partenaires-officiels-de-la-celebration-des-120-ans-de-rolls-royce-par-le-rrec\/","url":"http:\/\/www.franckdeville.fr\/fr\/2024\/12\/10\/les-macarons-franck-deville-partenaires-officiels-de-la-celebration-des-120-ans-de-rolls-royce-par-le-rrec\/","name":"Les Macarons Franck Deville partenaires officiels de la c\u00e9l\u00e9bration des 120 ans de Rolls-Royce par le RREC - Franck Deville - Macarons fran\u00e7ais d&#039;excellence","isPartOf":{"@id":"https:\/\/www.franckdeville.fr\/fr\/#website"},"primaryImageOfPage":{"@id":"http:\/\/www.franckdeville.fr\/fr\/2024\/12\/10\/les-macarons-franck-deville-partenaires-officiels-de-la-celebration-des-120-ans-de-rolls-royce-par-le-rrec\/#primaryimage"},"image":{"@id":"http:\/\/www.franckdeville.fr\/fr\/2024\/12\/10\/les-macarons-franck-deville-partenaires-officiels-de-la-celebration-des-120-ans-de-rolls-royce-par-le-rrec\/#primaryimage"},"thumbnailUrl":"https:\/\/www.franckdeville.fr\/wp-content\/uploads\/2024\/12\/french-passion-macaron.jpg","datePublished":"2024-12-10T15:14:21+00:00","dateModified":"2024-12-13T15:19:29+00:00","description":"Le Club international des passionn\u00e9s de Rolls-Royce et de Bentley (RREC), l\u2019un des clubs automobiles les plus anciens et les plus prestigieux\u2026","breadcrumb":{"@id":"http:\/\/www.franckdeville.fr\/fr\/2024\/12\/10\/les-macarons-franck-deville-partenaires-officiels-de-la-celebration-des-120-ans-de-rolls-royce-par-le-rrec\/#breadcrumb"},"inLanguage":"en-US","potentialAction":[{"@type":"ReadAction","target":["http:\/\/www.franckdeville.fr\/fr\/2024\/12\/10\/les-macarons-franck-deville-partenaires-officiels-de-la-celebration-des-120-ans-de-rolls-royce-par-le-rrec\/"]}]},{"@type":"ImageObject","inLanguage":"en-US","@id":"http:\/\/www.franckdeville.fr\/fr\/2024\/12\/10\/les-macarons-franck-deville-partenaires-officiels-de-la-celebration-des-120-ans-de-rolls-royce-par-le-rrec\/#primaryimage","url":"https:\/\/www.franckdeville.fr\/wp-content\/uploads\/2024\/12\/french-passion-macaron.jpg","contentUrl":"https:\/\/www.franckdeville.fr\/wp-content\/uploads\/2024\/12\/french-passion-macaron.jpg","width":2000,"height":1408,"caption":"French passion macaron"},{"@type":"BreadcrumbList","@id":"http:\/\/www.franckdeville.fr\/fr\/2024\/12\/10\/les-macarons-franck-deville-partenaires-officiels-de-la-celebration-des-120-ans-de-rolls-royce-par-le-rrec\/#breadcrumb","itemListElement":[{"@type":"ListItem","position":1,"name":"Accueil","item":"http:\/\/www.franckdeville.fr\/fr\/"},{"@type":"ListItem","position":2,"name":"Les Macarons Franck Deville partenaires officiels de la c\u00e9l\u00e9bration des 120 ans de Rolls-Royce par le RREC"}]},{"@type":"WebSite","@id":"https:\/\/www.franckdeville.fr\/fr\/#website","url":"https:\/\/www.franckdeville.fr\/fr\/","name":"Franck Deville","description":"L&#039;Artisan Macaronier des Chefs","publisher":{"@id":"https:\/\/www.franckdeville.fr\/fr\/#organization"},"potentialAction":[{"@type":"SearchAction","target":{"@type":"EntryPoint","urlTemplate":"https:\/\/www.franckdeville.fr\/fr\/?s={search_term_string}"},"query-input":{"@type":"PropertyValueSpecification","valueRequired":true,"valueName":"search_term_string"}}],"inLanguage":"en-US"},{"@type":"Organization","@id":"https:\/\/www.franckdeville.fr\/fr\/#organization","name":"Franck Deville","url":"https:\/\/www.franckdeville.fr\/fr\/","logo":{"@type":"ImageObject","inLanguage":"en-US","@id":"https:\/\/www.franckdeville.fr\/fr\/#\/schema\/logo\/image\/","url":"https:\/\/www.franckdeville.fr\/wp-content\/uploads\/2024\/09\/logo_franckdeville_small2.png","contentUrl":"https:\/\/www.franckdeville.fr\/wp-content\/uploads\/2024\/09\/logo_franckdeville_small2.png","width":600,"height":193,"caption":"Franck Deville"},"image":{"@id":"https:\/\/www.franckdeville.fr\/fr\/#\/schema\/logo\/image\/"},"sameAs":["https:\/\/www.facebook.com\/FranckDevillemacarons"]},{"@type":"Person","@id":"https:\/\/www.franckdeville.fr\/fr\/#\/schema\/person\/b594f9842fc073c5600ebbb2f29badfa","name":"expertiseweb","image":{"@type":"ImageObject","inLanguage":"en-US","@id":"https:\/\/secure.gravatar.com\/avatar\/58228ef1a3f803bc2ba56707f868325f9f0eab5b33f979edde6081f62aa1c02a?s=96&d=mm&r=g","url":"https:\/\/secure.gravatar.com\/avatar\/58228ef1a3f803bc2ba56707f868325f9f0eab5b33f979edde6081f62aa1c02a?s=96&d=mm&r=g","contentUrl":"https:\/\/secure.gravatar.com\/avatar\/58228ef1a3f803bc2ba56707f868325f9f0eab5b33f979edde6081f62aa1c02a?s=96&d=mm&r=g","caption":"expertiseweb"},"sameAs":["https:\/\/www.franckdeville.fr"],"url":"https:\/\/www.franckdeville.fr\/en\/author\/expertiseweb\/"}]}},"_links":{"self":[{"href":"https:\/\/www.franckdeville.fr\/en\/wp-json\/wp\/v2\/posts\/5103","targetHints":{"allow":["GET"]}}],"collection":[{"href":"https:\/\/www.franckdeville.fr\/en\/wp-json\/wp\/v2\/posts"}],"about":[{"href":"https:\/\/www.franckdeville.fr\/en\/wp-json\/wp\/v2\/types\/post"}],"author":[{"embeddable":true,"href":"https:\/\/www.franckdeville.fr\/en\/wp-json\/wp\/v2\/users\/1"}],"replies":[{"embeddable":true,"href":"https:\/\/www.franckdeville.fr\/en\/wp-json\/wp\/v2\/comments?post=5103"}],"version-history":[{"count":1,"href":"https:\/\/www.franckdeville.fr\/en\/wp-json\/wp\/v2\/posts\/5103\/revisions"}],"predecessor-version":[{"id":5105,"href":"https:\/\/www.franckdeville.fr\/en\/wp-json\/wp\/v2\/posts\/5103\/revisions\/5105"}],"wp:featuredmedia":[{"embeddable":true,"href":"https:\/\/www.franckdeville.fr\/en\/wp-json\/wp\/v2\/media\/5104"}],"wp:attachment":[{"href":"https:\/\/www.franckdeville.fr\/en\/wp-json\/wp\/v2\/media?parent=5103"}],"wp:term":[{"taxonomy":"category","embeddable":true,"href":"https:\/\/www.franckdeville.fr\/en\/wp-json\/wp\/v2\/categories?post=5103"},{"taxonomy":"post_tag","embeddable":true,"href":"https:\/\/www.franckdeville.fr\/en\/wp-json\/wp\/v2\/tags?post=5103"}],"curies":[{"name":"wp","href":"https:\/\/api.w.org\/{rel}","templated":true}]}}